{"id":265,"date":"2025-03-25T16:39:56","date_gmt":"2025-03-25T19:39:56","guid":{"rendered":"https:\/\/camaradelaindustriadelapintura.com.ar\/?p=265"},"modified":"2025-03-25T16:42:03","modified_gmt":"2025-03-25T19:42:03","slug":"cierre-de-ano-con-mirada-al-futuro","status":"publish","type":"post","link":"https:\/\/camaradelaindustriadelapintura.com.ar\/?p=265","title":{"rendered":"Cierre de a\u00f1o con mirada al futuro"},"content":{"rendered":"\n<p>La C\u00e1mara de la Industria de la Pintura llev\u00f3 a cabo su \u00faltima reuni\u00f3n de comisi\u00f3n directiva del a\u00f1o en un formato h\u00edbrido, combinando la participaci\u00f3n presencial en sus oficinas y la conexi\u00f3n virtual de algunos miembros.<\/p>\n\n\n\n<p>Durante el encuentro, se realiz\u00f3 un balance del 2024 para la industria de la pintura, analizando los desaf\u00edos y logros del sector. Se destac\u00f3 la evoluci\u00f3n de la fabricaci\u00f3n de pinturas en un contexto de cambios econ\u00f3micos y se discutieron perspectivas para el 2025.<\/p>\n\n\n\n<p>Adem\u00e1s, se definieron nuevas acciones para fortalecer el trabajo de la C\u00e1mara en el pr\u00f3ximo a\u00f1o, con el objetivo de seguir impulsando la competitividad del sector, generando m\u00e1s representatividad y generar m\u00e1s oportunidades para las empresas del sector.<\/p>\n\n\n\n<p>Este cierre de a\u00f1o reafirma el compromiso de la C\u00e1mara con la representaci\u00f3n del sector y la b\u00fasqueda de estrategias para su crecimiento.<\/p>\n","protected":false},"excerpt":{"rendered":"<p>La C\u00e1mara de la Industria de la Pintura llev\u00f3 a cabo su \u00faltima reuni\u00f3n de comisi\u00f3n directiva del a\u00f1o en un formato h\u00edbrido, combinando la participaci\u00f3n presencial en sus oficinas y la conexi\u00f3n virtual de algunos miembros. Durante el encuentro, se realiz\u00f3 un balance del 2024 para la industria de la pintura, analizando los desaf\u00edos y logros del sector. Se destac\u00f3 la evoluci\u00f3n de la fabricaci\u00f3n de pinturas en un contexto de cambios econ\u00f3micos y se discutieron perspectivas para el 2025. Adem\u00e1s, se definieron nuevas acciones para fortalecer el trabajo de la C\u00e1mara en el pr\u00f3ximo a\u00f1o, con el objetivo de seguir impulsando la competitividad del sector, generando m\u00e1s representatividad y generar m\u00e1s oportunidades para las empresas del sector. Este cierre de a\u00f1o reafirma el compromiso de la C\u00e1mara con la representaci\u00f3n del sector y la b\u00fasqueda de estrategias para su crecimiento.<\/p>\n","protected":false},"author":1,"featured_media":0,"comment_status":"open","ping_status":"open","sticky":false,"template":"","format":"standard","meta":{"site-sidebar-layout":"default","site-content-layout":"","ast-site-content-layout":"","site-content-style":"default","site-sidebar-style":"default","ast-global-header-display":"","ast-banner-title-visibility":"","ast-main-header-display":"","ast-hfb-above-header-display":"","ast-hfb-below-header-display":"","ast-hfb-mobile-header-display":"","site-post-title":"","ast-breadcrumbs-content":"","ast-featured-img":"","footer-sml-layout":"","theme-transparent-header-meta":"","adv-header-id-meta":"","stick-header-meta":"","header-above-stick-meta":"","header-main-stick-meta":"","header-below-stick-meta":"","astra-migrate-meta-layouts":"default","ast-page-background-enabled":"default","ast-page-background-meta":{"desktop":{"background-color":"var(--ast-global-color-4)","background-image":"","background-repeat":"repeat","background-position":"center center","background-size":"auto","background-attachment":"scroll","background-type":"","background-media":"","overlay-type":"","overlay-color":"","overlay-opacity":"","overlay-gradient":""},"tablet":{"background-color":"","background-image":"","background-repeat":"repeat","background-position":"center center","background-size":"auto","background-attachment":"scroll","background-type":"","background-media":"","overlay-type":"","overlay-color":"","overlay-opacity":"","overlay-gradient":""},"mobile":{"background-color":"","background-image":"","background-repeat":"repeat","background-position":"center center","background-size":"auto","background-attachment":"scroll","background-type":"","background-media":"","overlay-type":"","overlay-color":"","overlay-opacity":"","overlay-gradient":""}},"ast-content-background-meta":{"desktop":{"background-color":"var(--ast-global-color-5)","background-image":"","background-repeat":"repeat","background-position":"center center","background-size":"auto","background-attachment":"scroll","background-type":"","background-media":"","overlay-type":"","overlay-color":"","overlay-opacity":"","overlay-gradient":""},"tablet":{"background-color":"var(--ast-global-color-5)","background-image":"","background-repeat":"repeat","background-position":"center center","background-size":"auto","background-attachment":"scroll","background-type":"","background-media":"","overlay-type":"","overlay-color":"","overlay-opacity":"","overlay-gradient":""},"mobile":{"background-color":"var(--ast-global-color-5)","background-image":"","background-repeat":"repeat","background-position":"center center","background-size":"auto","background-attachment":"scroll","background-type":"","background-media":"","overlay-type":"","overlay-color":"","overlay-opacity":"","overlay-gradient":""}},"footnotes":""},"categories":[7],"tags":[],"class_list":["post-265","post","type-post","status-publish","format-standard","hentry","category-noticias"],"_links":{"self":[{"href":"https:\/\/camaradelaindustriadelapintura.com.ar\/index.php?rest_route=\/wp\/v2\/posts\/265","targetHints":{"allow":["GET"]}}],"collection":[{"href":"https:\/\/camaradelaindustriadelapintura.com.ar\/index.php?rest_route=\/wp\/v2\/posts"}],"about":[{"href":"https:\/\/camaradelaindustriadelapintura.com.ar\/index.php?rest_route=\/wp\/v2\/types\/post"}],"author":[{"embeddable":true,"href":"https:\/\/camaradelaindustriadelapintura.com.ar\/index.php?rest_route=\/wp\/v2\/users\/1"}],"replies":[{"embeddable":true,"href":"https:\/\/camaradelaindustriadelapintura.com.ar\/index.php?rest_route=%2Fwp%2Fv2%2Fcomments&post=265"}],"version-history":[{"count":1,"href":"https:\/\/camaradelaindustriadelapintura.com.ar\/index.php?rest_route=\/wp\/v2\/posts\/265\/revisions"}],"predecessor-version":[{"id":266,"href":"https:\/\/camaradelaindustriadelapintura.com.ar\/index.php?rest_route=\/wp\/v2\/posts\/265\/revisions\/266"}],"wp:attachment":[{"href":"https:\/\/camaradelaindustriadelapintura.com.ar\/index.php?rest_route=%2Fwp%2Fv2%2Fmedia&parent=265"}],"wp:term":[{"taxonomy":"category","embeddable":true,"href":"https:\/\/camaradelaindustriadelapintura.com.ar\/index.php?rest_route=%2Fwp%2Fv2%2Fcategories&post=265"},{"taxonomy":"post_tag","embeddable":true,"href":"https:\/\/camaradelaindustriadelapintura.com.ar\/index.php?rest_route=%2Fwp%2Fv2%2Ftags&post=265"}],"curies":[{"name":"wp","href":"https:\/\/api.w.org\/{rel}","templated":true}]}}